{"id":674,"date":"2016-06-29T16:58:39","date_gmt":"2016-06-29T15:58:39","guid":{"rendered":"http:\/\/www.fahrerwelt.com\/?p=674"},"modified":"2016-06-29T16:58:39","modified_gmt":"2016-06-29T15:58:39","slug":"in-fuehrung-liegend-kam-fuer-lieb-das-technische-ko","status":"publish","type":"post","link":"http:\/\/www.fahrerwelt.com\/?p=674","title":{"rendered":"In F\u00fchrung liegend kam f\u00fcr Lieb das technische KO"},"content":{"rendered":"<p><strong>Der Ausflug ins Schneebergland brachte dem Duo Christoph Lieb \/ Cathi Schmidt leider kein Gl\u00fcck. Nach einem fulminanten Auftakt forderten der raue Schotter und die tiefen Spurrillen ihren Tribut und f\u00fchrten zum technisch bedingten Ausfall<\/strong><\/p>\n<p><span style=\"line-height: 115%; font-family: 'Arial','sans-serif'; font-size: 12pt;\"><span style=\"color: #000000;\">Dabei verlief der Start in die Rallye noch ganz nach dem Geschmack des jungen Steirers. Mit neuen Teilen am grund\u00fcberholten Rennauto, die der KFZ-Mechaniker in unz\u00e4hligen Stunden selbst verbaut hat, lie\u00df Christoph Lieb gleich einmal sein gro\u00dfes Talent aufblitzen. Dank des akribisch erstellten Schriebs und der exakten Ansagen seiner erfahrenen Beifahrerin Cathi Schmidt markierte das Duo eine zweitbeste Zeit hinter dem sp\u00e4teren Opel Corsa OPC Cupsieger Alois Scheidhammer \u2013 noch vor zwei st\u00e4rker motorisierten Adams! In der zweiten Sonderpr\u00fcfung \u201eJagah\u00fctt\u201c \u00fcber mehr als 28 km folgte mit der Cup-Bestzeit und der dritten Gesamtzeit in der Opel Markenwertung sogar noch eine Steigerung. Der Eggersdorfer zeigte sich zu diesem Zeitpunkt noch begeistert: \u201eWie man an den Zeiten sehen kann, haben wir uns von Anfang an auf Schotter sehr wohl gef\u00fchlt. Auf die f\u00fcnfte Zeit in der zweiten SP bei 14 gestarteten 2WD-Fahrzeugen bin ich besonders stolz. Die Spurrillen sind nach den Allradfahrzeugen jedoch schon sehr tief und wir m\u00fcssen h\u00f6llisch aufpassen, dass wir das Auto auf der Strecke halten. Beim zweiten Mal dr\u00fcberfahren wird es sicher noch schlimmer werden.\u201c<\/span><\/span><\/p>\n<p><span style=\"line-height: 115%; font-family: 'Arial','sans-serif'; font-size: 12pt;\"><span style=\"color: #000000;\">Die Vorahnung des Nachwuchstalents sollte sich leider im Verlauf der Rallye noch best\u00e4tigen. Zwar konnten die Beiden in SP 3 \u201eHaraseben \u2013 Ogier\u201c mit einer weiteren Cup-Bestzeit gl\u00e4nzen, doch beim zweiten Befahren der \u00e4u\u00dferst selektiven \u201eJagah\u00fctt\u201c Pr\u00fcfung nahm das Schicksal in Form des brutal zusetzenden Schotters seinen Lauf. Zun\u00e4chst trat ein Reifenschaden nach ca. 12 Kilometern auf, was Lieb \/ Schmidt zu einem Radwechsel in der Sonderpr\u00fcfung zwang. Nach drei Minuten konnte die Fahrt fortgesetzt werden, nur um kurz darauf durch weitere Defekte gebremst zu werden. Aufgrund der entstandenen Bodenwellen und tiefen Rillen wurden beide Querlenker deformiert, wodurch das Auto kaum noch geradeaus gelenkt werden konnte. Bei Lieb \u00fcberwiegte im Ziel der materialmordenden Sonderpr\u00fcfung der Frust: \u201eIch verstehe \u00fcberhaupt nicht, warum wir im Cup die Schneebergland Rallye fahren m\u00fcssen. Wenn ich h\u00f6re, dass der regierende Staatsmeister Raimund Baumschlager eine Strecke mit seinem R5 Auto f\u00fcr unfahrbar h\u00e4lt, wie sollen wir dann mit den seriennahen Fahrzeugen da unbeschadet durchkommen? Ich habe vor der Rallye alle wichtigen Teile ausgetauscht, nur damit sie nach vier Sonderpr\u00fcfungen wieder kaputt gehen. Sogar der Unterfahrschutz hat die Felsbrocken nicht unbeschadet \u00fcberstanden. Ich habe dann das Auto aus Sicherheitsgr\u00fcnden abgestellt, weil ich keinen gr\u00f6\u00dferen Schaden oder gar einen Abflug riskieren wollte.\u201c <\/span><\/span><\/p>\n<p><span style=\"line-height: 115%; font-family: 'Arial','sans-serif'; font-size: 12pt;\"><span style=\"color: #000000;\">Der Cupsieg ist nach zwei Ausf\u00e4llen hintereinander zwar in weite Ferne ger\u00fcckt, jedoch wird das Auto Lieb Rallye Team beim Heimevent in Weiz in vier Wochen wieder angreifen und um Punkte in der Marken- und in der Juniorenwertung k\u00e4mpfen. Die Rallye Weiz (ST) findet von 22.-23. Juli 2016 statt und ist zugleich der vorletzte Lauf im Opel Corsa OPC Cup.<\/span><\/span><\/p>\n\n\t\t<style type=\"text\/css\">\n\t\t\t#gallery-1 {\n\t\t\t\tmargin: auto;\n\t\t\t}\n\t\t\t#gallery-1 .gallery-item {\n\t\t\t\tfloat: left;\n\t\t\t\tmargin-top: 10px;\n\t\t\t\ttext-align: center;\n\t\t\t\twidth: 33%;\n\t\t\t}\n\t\t\t#gallery-1 img {\n\t\t\t\tborder: 2px solid #cfcfcf;\n\t\t\t}\n\t\t\t#gallery-1 .gallery-caption {\n\t\t\t\tmargin-left: 0;\n\t\t\t}\n\t\t\t\/* see gallery_shortcode() in wp-includes\/media.php *\/\n\t\t<\/style>\n\t\t<div data-carousel-extra='{\"blog_id\":1,\"permalink\":\"http:\\\/\\\/www.fahrerwelt.com\\\/?p=674\"}' id='gallery-1' class='gallery galleryid-674 gallery-columns-3 gallery-size-thumbnail'><dl class='gallery-item'>\n\t\t\t<dt class='gallery-icon landscape'>\n\t\t\t\t<a href='http:\/\/www.fahrerwelt.com\/?attachment_id=676'><img loading=\"lazy\" decoding=\"async\" width=\"150\" height=\"150\" src=\"http:\/\/www.fahrerwelt.com\/wp-content\/uploads\/2016\/06\/DSC_0897-Small-150x150.jpg\" class=\"attachment-thumbnail size-thumbnail\" alt=\"\" data-attachment-id=\"676\" data-permalink=\"http:\/\/www.fahrerwelt.com\/?attachment_id=676\" data-orig-file=\"http:\/\/www.fahrerwelt.com\/wp-content\/uploads\/2016\/06\/DSC_0897-Small.jpg\" data-orig-size=\"722,480\" data-comments-opened=\"0\" data-image-meta=\"{&quot;aperture&quot;:&quot;8&quot;,&quot;credit&quot;:&quot;&quot;,&quot;camera&quot;:&quot;NIKON D3200&quot;,&quot;caption&quot;:&quot;&quot;,&quot;created_timestamp&quot;:&quot;1466452146&quot;,&quot;copyright&quot;:&quot;&quot;,&quot;focal_length&quot;:&quot;28&quot;,&quot;iso&quot;:&quot;400&quot;,&quot;shutter_speed&quot;:&quot;0.008&quot;,&quot;title&quot;:&quot;&quot;,&quot;orientation&quot;:&quot;1&quot;}\" data-image-title=\"DSC_0897 (Small)\" data-image-description=\"\" data-image-caption=\"\" data-medium-file=\"http:\/\/www.fahrerwelt.com\/wp-content\/uploads\/2016\/06\/DSC_0897-Small-300x199.jpg\" data-large-file=\"http:\/\/www.fahrerwelt.com\/wp-content\/uploads\/2016\/06\/DSC_0897-Small.jpg\" \/><\/a>\n\t\t\t<\/dt><\/dl><dl class='gallery-item'>\n\t\t\t<dt class='gallery-icon landscape'>\n\t\t\t\t<a href='http:\/\/www.fahrerwelt.com\/?attachment_id=675'><img loading=\"lazy\" decoding=\"async\" width=\"150\" height=\"150\" src=\"http:\/\/www.fahrerwelt.com\/wp-content\/uploads\/2016\/06\/DSC_0896-Small-150x150.jpg\" class=\"attachment-thumbnail size-thumbnail\" alt=\"\" data-attachment-id=\"675\" data-permalink=\"http:\/\/www.fahrerwelt.com\/?attachment_id=675\" data-orig-file=\"http:\/\/www.fahrerwelt.com\/wp-content\/uploads\/2016\/06\/DSC_0896-Small.jpg\" data-orig-size=\"722,480\" data-comments-opened=\"0\" data-image-meta=\"{&quot;aperture&quot;:&quot;5.6&quot;,&quot;credit&quot;:&quot;&quot;,&quot;camera&quot;:&quot;NIKON D3200&quot;,&quot;caption&quot;:&quot;&quot;,&quot;created_timestamp&quot;:&quot;1466452096&quot;,&quot;copyright&quot;:&quot;&quot;,&quot;focal_length&quot;:&quot;22&quot;,&quot;iso&quot;:&quot;220&quot;,&quot;shutter_speed&quot;:&quot;0.008&quot;,&quot;title&quot;:&quot;&quot;,&quot;orientation&quot;:&quot;1&quot;}\" data-image-title=\"DSC_0896 (Small)\" data-image-description=\"\" data-image-caption=\"\" data-medium-file=\"http:\/\/www.fahrerwelt.com\/wp-content\/uploads\/2016\/06\/DSC_0896-Small-300x199.jpg\" data-large-file=\"http:\/\/www.fahrerwelt.com\/wp-content\/uploads\/2016\/06\/DSC_0896-Small.jpg\" \/><\/a>\n\t\t\t<\/dt><\/dl><dl class='gallery-item'>\n\t\t\t<dt class='gallery-icon landscape'>\n\t\t\t\t<a href='http:\/\/www.fahrerwelt.com\/?attachment_id=677'><img loading=\"lazy\" decoding=\"async\" width=\"150\" height=\"150\" src=\"http:\/\/www.fahrerwelt.com\/wp-content\/uploads\/2016\/06\/DSC_0900-Small-150x150.jpg\" class=\"attachment-thumbnail size-thumbnail\" alt=\"\" data-attachment-id=\"677\" data-permalink=\"http:\/\/www.fahrerwelt.com\/?attachment_id=677\" data-orig-file=\"http:\/\/www.fahrerwelt.com\/wp-content\/uploads\/2016\/06\/DSC_0900-Small.jpg\" data-orig-size=\"722,480\" data-comments-opened=\"0\" data-image-meta=\"{&quot;aperture&quot;:&quot;5.6&quot;,&quot;credit&quot;:&quot;&quot;,&quot;camera&quot;:&quot;NIKON D3200&quot;,&quot;caption&quot;:&quot;&quot;,&quot;created_timestamp&quot;:&quot;1466452185&quot;,&quot;copyright&quot;:&quot;&quot;,&quot;focal_length&quot;:&quot;18&quot;,&quot;iso&quot;:&quot;280&quot;,&quot;shutter_speed&quot;:&quot;0.008&quot;,&quot;title&quot;:&quot;&quot;,&quot;orientation&quot;:&quot;1&quot;}\" data-image-title=\"DSC_0900 (Small)\" data-image-description=\"\" data-image-caption=\"\" data-medium-file=\"http:\/\/www.fahrerwelt.com\/wp-content\/uploads\/2016\/06\/DSC_0900-Small-300x199.jpg\" data-large-file=\"http:\/\/www.fahrerwelt.com\/wp-content\/uploads\/2016\/06\/DSC_0900-Small.jpg\" \/><\/a>\n\t\t\t<\/dt><\/dl><br style=\"clear: both\" \/><dl class='gallery-item'>\n\t\t\t<dt class='gallery-icon landscape'>\n\t\t\t\t<a href='http:\/\/www.fahrerwelt.com\/?attachment_id=678'><img loading=\"lazy\" decoding=\"async\" width=\"150\" height=\"150\" src=\"http:\/\/www.fahrerwelt.com\/wp-content\/uploads\/2016\/06\/FES_7450-150x150.jpg\" class=\"attachment-thumbnail size-thumbnail\" alt=\"\" data-attachment-id=\"678\" data-permalink=\"http:\/\/www.fahrerwelt.com\/?attachment_id=678\" data-orig-file=\"http:\/\/www.fahrerwelt.com\/wp-content\/uploads\/2016\/06\/FES_7450.jpg\" data-orig-size=\"2000,1333\" data-comments-opened=\"0\" data-image-meta=\"{&quot;aperture&quot;:&quot;18&quot;,&quot;credit&quot;:&quot;Daniel Fessl&quot;,&quot;camera&quot;:&quot;Canon EOS 7D Mark II&quot;,&quot;caption&quot;:&quot;&quot;,&quot;created_timestamp&quot;:&quot;1466848574&quot;,&quot;copyright&quot;:&quot;Daniel Fessl - rallyepics.at&quot;,&quot;focal_length&quot;:&quot;10&quot;,&quot;iso&quot;:&quot;100&quot;,&quot;shutter_speed&quot;:&quot;0.016666666666667&quot;,&quot;title&quot;:&quot;&quot;,&quot;orientation&quot;:&quot;1&quot;}\" data-image-title=\"FES_7450\" data-image-description=\"\" data-image-caption=\"\" data-medium-file=\"http:\/\/www.fahrerwelt.com\/wp-content\/uploads\/2016\/06\/FES_7450-300x200.jpg\" data-large-file=\"http:\/\/www.fahrerwelt.com\/wp-content\/uploads\/2016\/06\/FES_7450-1024x682.jpg\" \/><\/a>\n\t\t\t<\/dt><\/dl><dl class='gallery-item'>\n\t\t\t<dt class='gallery-icon landscape'>\n\t\t\t\t<a href='http:\/\/www.fahrerwelt.com\/?attachment_id=679'><img loading=\"lazy\" decoding=\"async\" width=\"150\" height=\"150\" src=\"http:\/\/www.fahrerwelt.com\/wp-content\/uploads\/2016\/06\/FES_7452-150x150.jpg\" class=\"attachment-thumbnail size-thumbnail\" alt=\"\" data-attachment-id=\"679\" data-permalink=\"http:\/\/www.fahrerwelt.com\/?attachment_id=679\" data-orig-file=\"http:\/\/www.fahrerwelt.com\/wp-content\/uploads\/2016\/06\/FES_7452.jpg\" data-orig-size=\"2000,1333\" data-comments-opened=\"0\" data-image-meta=\"{&quot;aperture&quot;:&quot;16&quot;,&quot;credit&quot;:&quot;Daniel Fessl&quot;,&quot;camera&quot;:&quot;Canon EOS 7D Mark II&quot;,&quot;caption&quot;:&quot;&quot;,&quot;created_timestamp&quot;:&quot;1466848575&quot;,&quot;copyright&quot;:&quot;Daniel Fessl - rallyepics.at&quot;,&quot;focal_length&quot;:&quot;12&quot;,&quot;iso&quot;:&quot;100&quot;,&quot;shutter_speed&quot;:&quot;0.016666666666667&quot;,&quot;title&quot;:&quot;&quot;,&quot;orientation&quot;:&quot;1&quot;}\" data-image-title=\"FES_7452\" data-image-description=\"\" data-image-caption=\"\" data-medium-file=\"http:\/\/www.fahrerwelt.com\/wp-content\/uploads\/2016\/06\/FES_7452-300x200.jpg\" data-large-file=\"http:\/\/www.fahrerwelt.com\/wp-content\/uploads\/2016\/06\/FES_7452-1024x682.jpg\" \/><\/a>\n\t\t\t<\/dt><\/dl><dl class='gallery-item'>\n\t\t\t<dt class='gallery-icon landscape'>\n\t\t\t\t<a href='http:\/\/www.fahrerwelt.com\/?attachment_id=680'><img loading=\"lazy\" decoding=\"async\" width=\"150\" height=\"150\" src=\"http:\/\/www.fahrerwelt.com\/wp-content\/uploads\/2016\/06\/h29-150x150.jpg\" class=\"attachment-thumbnail size-thumbnail\" alt=\"\" data-attachment-id=\"680\" data-permalink=\"http:\/\/www.fahrerwelt.com\/?attachment_id=680\" data-orig-file=\"http:\/\/www.fahrerwelt.com\/wp-content\/uploads\/2016\/06\/h29.jpg\" data-orig-size=\"2000,1333\" data-comments-opened=\"0\" data-image-meta=\"{&quot;aperture&quot;:&quot;0&quot;,&quot;credit&quot;:&quot;&quot;,&quot;camera&quot;:&quot;&quot;,&quot;caption&quot;:&quot;&quot;,&quot;created_timestamp&quot;:&quot;0&quot;,&quot;copyright&quot;:&quot;&quot;,&quot;focal_length&quot;:&quot;0&quot;,&quot;iso&quot;:&quot;0&quot;,&quot;shutter_speed&quot;:&quot;0&quot;,&quot;title&quot;:&quot;&quot;,&quot;orientation&quot;:&quot;0&quot;}\" data-image-title=\"h29\" data-image-description=\"\" data-image-caption=\"\" data-medium-file=\"http:\/\/www.fahrerwelt.com\/wp-content\/uploads\/2016\/06\/h29-300x200.jpg\" data-large-file=\"http:\/\/www.fahrerwelt.com\/wp-content\/uploads\/2016\/06\/h29-1024x682.jpg\" \/><\/a>\n\t\t\t<\/dt><\/dl><br style=\"clear: both\" \/><dl class='gallery-item'>\n\t\t\t<dt class='gallery-icon landscape'>\n\t\t\t\t<a href='http:\/\/www.fahrerwelt.com\/?attachment_id=681'><img loading=\"lazy\" decoding=\"async\" width=\"150\" height=\"150\" src=\"http:\/\/www.fahrerwelt.com\/wp-content\/uploads\/2016\/06\/NIK_8728@dominik-fessl-150x150.jpg\" class=\"attachment-thumbnail size-thumbnail\" alt=\"\" data-attachment-id=\"681\" data-permalink=\"http:\/\/www.fahrerwelt.com\/?attachment_id=681\" data-orig-file=\"http:\/\/www.fahrerwelt.com\/wp-content\/uploads\/2016\/06\/NIK_8728@dominik-fessl.jpg\" data-orig-size=\"2000,1333\" data-comments-opened=\"0\" data-image-meta=\"{&quot;aperture&quot;:&quot;5&quot;,&quot;credit&quot;:&quot;Fessl Dominik&quot;,&quot;camera&quot;:&quot;Canon EOS 7D&quot;,&quot;caption&quot;:&quot;&quot;,&quot;created_timestamp&quot;:&quot;1466849128&quot;,&quot;copyright&quot;:&quot;RallyePics.at junior&quot;,&quot;focal_length&quot;:&quot;185&quot;,&quot;iso&quot;:&quot;100&quot;,&quot;shutter_speed&quot;:&quot;0.0015625&quot;,&quot;title&quot;:&quot;&quot;,&quot;orientation&quot;:&quot;1&quot;}\" data-image-title=\"NIK_8728@dominik fessl\" data-image-description=\"\" data-image-caption=\"\" data-medium-file=\"http:\/\/www.fahrerwelt.com\/wp-content\/uploads\/2016\/06\/NIK_8728@dominik-fessl-300x200.jpg\" data-large-file=\"http:\/\/www.fahrerwelt.com\/wp-content\/uploads\/2016\/06\/NIK_8728@dominik-fessl-1024x682.jpg\" \/><\/a>\n\t\t\t<\/dt><\/dl><dl class='gallery-item'>\n\t\t\t<dt class='gallery-icon landscape'>\n\t\t\t\t<a href='http:\/\/www.fahrerwelt.com\/?attachment_id=682'><img loading=\"lazy\" decoding=\"async\" width=\"150\" height=\"150\" src=\"http:\/\/www.fahrerwelt.com\/wp-content\/uploads\/2016\/06\/NIK_8730@dominik-fessl-150x150.jpg\" class=\"attachment-thumbnail size-thumbnail\" alt=\"\" data-attachment-id=\"682\" data-permalink=\"http:\/\/www.fahrerwelt.com\/?attachment_id=682\" data-orig-file=\"http:\/\/www.fahrerwelt.com\/wp-content\/uploads\/2016\/06\/NIK_8730@dominik-fessl.jpg\" data-orig-size=\"2000,1333\" data-comments-opened=\"0\" data-image-meta=\"{&quot;aperture&quot;:&quot;4.5&quot;,&quot;credit&quot;:&quot;Fessl Dominik&quot;,&quot;camera&quot;:&quot;Canon EOS 7D&quot;,&quot;caption&quot;:&quot;&quot;,&quot;created_timestamp&quot;:&quot;1466849128&quot;,&quot;copyright&quot;:&quot;RallyePics.at junior&quot;,&quot;focal_length&quot;:&quot;185&quot;,&quot;iso&quot;:&quot;100&quot;,&quot;shutter_speed&quot;:&quot;0.0015625&quot;,&quot;title&quot;:&quot;&quot;,&quot;orientation&quot;:&quot;1&quot;}\" data-image-title=\"NIK_8730@dominik fessl\" data-image-description=\"\" data-image-caption=\"\" data-medium-file=\"http:\/\/www.fahrerwelt.com\/wp-content\/uploads\/2016\/06\/NIK_8730@dominik-fessl-300x200.jpg\" data-large-file=\"http:\/\/www.fahrerwelt.com\/wp-content\/uploads\/2016\/06\/NIK_8730@dominik-fessl-1024x682.jpg\" \/><\/a>\n\t\t\t<\/dt><\/dl><dl class='gallery-item'>\n\t\t\t<dt class='gallery-icon landscape'>\n\t\t\t\t<a href='http:\/\/www.fahrerwelt.com\/?attachment_id=683'><img loading=\"lazy\" decoding=\"async\" width=\"150\" height=\"150\" src=\"http:\/\/www.fahrerwelt.com\/wp-content\/uploads\/2016\/06\/NIK_9483@dominik-fessl-150x150.jpg\" class=\"attachment-thumbnail size-thumbnail\" alt=\"\" data-attachment-id=\"683\" data-permalink=\"http:\/\/www.fahrerwelt.com\/?attachment_id=683\" data-orig-file=\"http:\/\/www.fahrerwelt.com\/wp-content\/uploads\/2016\/06\/NIK_9483@dominik-fessl.jpg\" data-orig-size=\"2000,1333\" data-comments-opened=\"0\" data-image-meta=\"{&quot;aperture&quot;:&quot;5.6&quot;,&quot;credit&quot;:&quot;Fessl Dominik&quot;,&quot;camera&quot;:&quot;Canon EOS 7D&quot;,&quot;caption&quot;:&quot;&quot;,&quot;created_timestamp&quot;:&quot;1466861526&quot;,&quot;copyright&quot;:&quot;RallyePics.at junior&quot;,&quot;focal_length&quot;:&quot;160&quot;,&quot;iso&quot;:&quot;100&quot;,&quot;shutter_speed&quot;:&quot;0.00125&quot;,&quot;title&quot;:&quot;&quot;,&quot;orientation&quot;:&quot;1&quot;}\" data-image-title=\"NIK_9483@dominik fessl\" data-image-description=\"\" data-image-caption=\"\" data-medium-file=\"http:\/\/www.fahrerwelt.com\/wp-content\/uploads\/2016\/06\/NIK_9483@dominik-fessl-300x200.jpg\" data-large-file=\"http:\/\/www.fahrerwelt.com\/wp-content\/uploads\/2016\/06\/NIK_9483@dominik-fessl-1024x682.jpg\" \/><\/a>\n\t\t\t<\/dt><\/dl><br style=\"clear: both\" \/>\n\t\t<\/div>\n\n<p>&nbsp;<\/p>\n","protected":false},"excerpt":{"rendered":"<p>Der Ausflug ins Schneebergland brachte dem Duo Christoph Lieb \/ Cathi Schmidt leider kein Gl\u00fcck. Nach einem fulminanten Auftakt forderten der raue Schotter und die tiefen Spurrillen ihren Tribut und f\u00fchrten zum technisch bedingten Ausfall Dabei verlief der Start in die Rallye noch ganz nach dem Geschmack des jungen Steirers. Mit neuen Teilen am grund\u00fcberholten [&hellip;]<\/p>\n","protected":false},"author":1,"featured_media":0,"comment_status":"closed","ping_status":"closed","sticky":false,"template":"","format":"standard","meta":{"_jetpack_memberships_contains_paid_content":false,"footnotes":"","jetpack_publicize_message":"","jetpack_publicize_feature_enabled":true,"jetpack_social_post_already_shared":true,"jetpack_social_options":{"image_generator_settings":{"template":"highway","enabled":false},"version":2}},"categories":[102],"tags":[218,209,211,170,4,220,76,154],"jetpack_publicize_connections":[],"jetpack_featured_media_url":"","jetpack_shortlink":"https:\/\/wp.me\/p3COKQ-aS","jetpack_sharing_enabled":true,"jetpack_likes_enabled":true,"_links":{"self":[{"href":"http:\/\/www.fahrerwelt.com\/index.php?rest_route=\/wp\/v2\/posts\/674"}],"collection":[{"href":"http:\/\/www.fahrerwelt.com\/index.php?rest_route=\/wp\/v2\/posts"}],"about":[{"href":"http:\/\/www.fahrerwelt.com\/index.php?rest_route=\/wp\/v2\/types\/post"}],"author":[{"embeddable":true,"href":"http:\/\/www.fahrerwelt.com\/index.php?rest_route=\/wp\/v2\/users\/1"}],"replies":[{"embeddable":true,"href":"http:\/\/www.fahrerwelt.com\/index.php?rest_route=%2Fwp%2Fv2%2Fcomments&post=674"}],"version-history":[{"count":1,"href":"http:\/\/www.fahrerwelt.com\/index.php?rest_route=\/wp\/v2\/posts\/674\/revisions"}],"predecessor-version":[{"id":684,"href":"http:\/\/www.fahrerwelt.com\/index.php?rest_route=\/wp\/v2\/posts\/674\/revisions\/684"}],"wp:attachment":[{"href":"http:\/\/www.fahrerwelt.com\/index.php?rest_route=%2Fwp%2Fv2%2Fmedia&parent=674"}],"wp:term":[{"taxonomy":"category","embeddable":true,"href":"http:\/\/www.fahrerwelt.com\/index.php?rest_route=%2Fwp%2Fv2%2Fcategories&post=674"},{"taxonomy":"post_tag","embeddable":true,"href":"http:\/\/www.fahrerwelt.com\/index.php?rest_route=%2Fwp%2Fv2%2Ftags&post=674"}],"curies":[{"name":"wp","href":"https:\/\/api.w.org\/{rel}","templated":true}]}}